{"id":7142,"date":"2025-08-14T09:29:25","date_gmt":"2025-08-14T09:29:25","guid":{"rendered":"https:\/\/www.deutschlanddigital.org\/?p=7142"},"modified":"2025-08-15T12:09:25","modified_gmt":"2025-08-15T12:09:25","slug":"marktplatz-release-2-0","status":"publish","type":"post","link":"https:\/\/www.deutschlanddigital.org\/index.php\/2025\/08\/14\/marktplatz-release-2-0\/","title":{"rendered":"Marktplatz Release 2.0"},"content":{"rendered":"<div class=\"fusion-fullwidth fullwidth-box fusion-builder-row-1 fusion-flex-container nonhundred-percent-fullwidth non-hundred-percent-height-scrolling\" style=\"--awb-border-radius-top-left:0px;--awb-border-radius-top-right:0px;--awb-border-radius-bottom-right:0px;--awb-border-radius-bottom-left:0px;--awb-flex-wrap:wrap;\" ><div class=\"fusion-builder-row fusion-row fusion-flex-align-items-flex-start fusion-flex-content-wrap\" style=\"max-width:1310.4px;margin-left: calc(-4% \/ 2 );margin-right: calc(-4% \/ 2 );\"><div class=\"fusion-layout-column fusion_builder_column fusion-builder-column-0 fusion_builder_column_1_1 1_1 fusion-flex-column\" style=\"--awb-bg-blend:overlay;--awb-bg-size:cover;--awb-width-large:100%;--awb-margin-top-large:0px;--awb-spacing-right-large:1.92%;--awb-margin-bottom-large:0px;--awb-spacing-left-large:1.92%;--awb-width-medium:100%;--awb-spacing-right-medium:1.92%;--awb-spacing-left-medium:1.92%;--awb-width-small:100%;--awb-spacing-right-small:1.92%;--awb-spacing-left-small:1.92%;\"><div class=\"fusion-column-wrapper fusion-flex-justify-content-flex-start fusion-content-layout-column\"><div class=\"fusion-text fusion-text-1\"><h4 class=\"fusion-responsive-typography-calculated\" style=\"--fontsize: 24;line-height: 1.42;text-align: center\" data-start=\"210\" data-end=\"303\" data-fontsize=\"24\" data-lineheight=\"34.08px\">Mehr \u00dcberblick, bessere Filter \u2013 das ist der Marktplatz in Version 2.0<\/h4>\n<p><img decoding=\"async\" class=\"lazyload alignnone wp-image-7146 size-full\" src=\"https:\/\/www.deutschlanddigital.org\/wp-content\/uploads\/sites\/16\/2025\/08\/Bild.png\" data-orig-src=\"https:\/\/www.deutschlanddigital.org\/wp-content\/uploads\/sites\/16\/2025\/08\/Bild.png\" alt=\"Vorschau Marktplatz Release 2.0\" width=\"1343\" height=\"630\" srcset=\"data:image\/svg+xml,%3Csvg%20xmlns%3D%27http%3A%2F%2Fwww.w3.org%2F2000%2Fsvg%27%20width%3D%271343%27%20height%3D%27630%27%20viewBox%3D%270%200%201343%20630%27%3E%3Crect%20width%3D%271343%27%20height%3D%27630%27%20fill-opacity%3D%220%22%2F%3E%3C%2Fsvg%3E\" data-srcset=\"https:\/\/www.deutschlanddigital.org\/wp-content\/uploads\/sites\/16\/2025\/08\/Bild-200x94.png 200w, https:\/\/www.deutschlanddigital.org\/wp-content\/uploads\/sites\/16\/2025\/08\/Bild-300x141.png 300w, https:\/\/www.deutschlanddigital.org\/wp-content\/uploads\/sites\/16\/2025\/08\/Bild-400x188.png 400w, https:\/\/www.deutschlanddigital.org\/wp-content\/uploads\/sites\/16\/2025\/08\/Bild-600x281.png 600w, https:\/\/www.deutschlanddigital.org\/wp-content\/uploads\/sites\/16\/2025\/08\/Bild-768x360.png 768w, https:\/\/www.deutschlanddigital.org\/wp-content\/uploads\/sites\/16\/2025\/08\/Bild-800x375.png 800w, https:\/\/www.deutschlanddigital.org\/wp-content\/uploads\/sites\/16\/2025\/08\/Bild-1024x480.png 1024w, https:\/\/www.deutschlanddigital.org\/wp-content\/uploads\/sites\/16\/2025\/08\/Bild-1200x563.png 1200w, https:\/\/www.deutschlanddigital.org\/wp-content\/uploads\/sites\/16\/2025\/08\/Bild.png 1343w\" data-sizes=\"auto\" data-orig-sizes=\"(max-width: 1343px) 100vw, 1343px\" \/><\/p>\n<p><strong>Nach dem erfolgreichen Start unseres Marktplatzes arbeiten wir kontinuierlich daran, es den Nutzern leichter zu machen genau jene digitalen L\u00f6sungen und Dienstleistungen zu finden, die sie wirklich brauchen. Daher freuen wir uns, mit dem Update 2.0 viele neue Funktionen einzuf\u00fchren, die den Marktplatz noch nutzerfreundlicher und effektiver machen. Seit dem 14. August 2025 k\u00f6nnen neue Arten von Angeboten eingestellt werden und mittels neuer Filter leichter durchsucht werden.<\/strong><\/p>\n<h5 class=\"fusion-responsive-typography-calculated\" style=\"--fontsize: 20;line-height: 1.4\" data-fontsize=\"20\" data-lineheight=\"28px\">Neue Angebotsarten f\u00fcr Anbieter<\/h5>\n<p>Anbieter haben nun die M\u00f6glichkeit zus\u00e4tzlich zu den digitalen L\u00f6sungen auch verschiedenste <strong>Dienstleistungen<\/strong> f\u00fcr Kommunen auf dem Marktplatz einzustellen. Beispielsweise k\u00f6nnen <strong>Beratungsleistungen<\/strong> rund um die Digitalisierung erstellt und ver\u00f6ffentlicht werden, die durch die Angabe von Projektreferenzen, bereits erworbene Erfahrungen und Kompetenzen aufzeigen k\u00f6nnen. Besucher k\u00f6nnen die Angebote nun anhand der Eintragsart filtern, um schneller hilfreiche Leistungen zu finden.<\/p>\n<h5 class=\"fusion-responsive-typography-calculated\" style=\"--fontsize: 20;line-height: 1.4\" data-fontsize=\"20\" data-lineheight=\"28px\">Verbesserte Filterm\u00f6glichkeiten<\/h5>\n<p>Der Filter wird durch eine \u00fcberarbeitete Auswahl von Kategorien sowie dem neuen <strong>Bundeslandfilter<\/strong> komplettiert. In vielen Bundesl\u00e4ndern werden lokale Dienstleistungen und L\u00f6sungen angeboten, die bisher nicht ausreichend auf dem Marktplatz repr\u00e4sentiert werden. Durch den neuen Filter f\u00e4llt es den Nutzern nun leichter digitale L\u00f6sungen und Dienstleistungen zu finden, die f\u00fcr ihre Region gemacht sind und solche auszuschlie\u00dfen, die nicht nur in anderen Bundesl\u00e4ndern verf\u00fcgbar sind. Anbieter k\u00f6nnen dazu angeben, ob ihre digitale L\u00f6sung oder Dienstleistung in bestimmten Bundesl\u00e4ndern oder bundesweit verf\u00fcgbar ist.<\/p>\n<p>Bereits im letzten Release haben wir die Grundlagen geschaffen, Kommunen direkt dem jeweiligen Bundesland zuzuordnen. Dadurch war es in diesem Release m\u00f6glich einzubauen, dass f\u00fcr Kommunen initial nur die L\u00f6sungen und Dienstleistungen angezeigt werden, die in dem jeweiligen Bundesland verf\u00fcgbar sind. Den Filter k\u00f6nnen die Kommunen nach belieben aber auch wieder \u00e4ndern.<\/p>\n<h5 class=\"fusion-responsive-typography-calculated\" style=\"--fontsize: 20;line-height: 1.4\" data-fontsize=\"20\" data-lineheight=\"28px\">Neuer Reiter \u201eAnbietende\u201c<\/h5>\n<p>Eine weitere gro\u00dfe Neuerung ist die M\u00f6glichkeit f\u00fcr Besucher des Marktplatzes, einen <strong>\u00dcberblick<\/strong> \u00fcber die <strong>Anbieter<\/strong> zu erhalten. Der neue Reiter \u201e<strong>Anbietende<\/strong>\u201c listet alle Anbieter des Marktplatzes auf und erm\u00f6glicht eine schnelle \u00dcbersicht \u00fcber das jeweilige Unternehmen sowie dessen angebotene L\u00f6sungen und Dienstleistungen.<\/p>\n<p><img decoding=\"async\" class=\"lazyload alignnone size-full wp-image-7143\" src=\"https:\/\/www.deutschlanddigital.org\/wp-content\/uploads\/sites\/16\/2025\/08\/Bild-1.png\" data-orig-src=\"https:\/\/www.deutschlanddigital.org\/wp-content\/uploads\/sites\/16\/2025\/08\/Bild-1.png\" alt=\"\" width=\"1451\" height=\"769\" srcset=\"data:image\/svg+xml,%3Csvg%20xmlns%3D%27http%3A%2F%2Fwww.w3.org%2F2000%2Fsvg%27%20width%3D%271451%27%20height%3D%27769%27%20viewBox%3D%270%200%201451%20769%27%3E%3Crect%20width%3D%271451%27%20height%3D%27769%27%20fill-opacity%3D%220%22%2F%3E%3C%2Fsvg%3E\" data-srcset=\"https:\/\/www.deutschlanddigital.org\/wp-content\/uploads\/sites\/16\/2025\/08\/Bild-1-200x106.png 200w, https:\/\/www.deutschlanddigital.org\/wp-content\/uploads\/sites\/16\/2025\/08\/Bild-1-300x159.png 300w, https:\/\/www.deutschlanddigital.org\/wp-content\/uploads\/sites\/16\/2025\/08\/Bild-1-400x212.png 400w, https:\/\/www.deutschlanddigital.org\/wp-content\/uploads\/sites\/16\/2025\/08\/Bild-1-600x318.png 600w, https:\/\/www.deutschlanddigital.org\/wp-content\/uploads\/sites\/16\/2025\/08\/Bild-1-768x407.png 768w, https:\/\/www.deutschlanddigital.org\/wp-content\/uploads\/sites\/16\/2025\/08\/Bild-1-800x424.png 800w, https:\/\/www.deutschlanddigital.org\/wp-content\/uploads\/sites\/16\/2025\/08\/Bild-1-1024x543.png 1024w, https:\/\/www.deutschlanddigital.org\/wp-content\/uploads\/sites\/16\/2025\/08\/Bild-1-1200x636.png 1200w, https:\/\/www.deutschlanddigital.org\/wp-content\/uploads\/sites\/16\/2025\/08\/Bild-1.png 1451w\" data-sizes=\"auto\" data-orig-sizes=\"(max-width: 1451px) 100vw, 1451px\" \/><\/p>\n<p>Zus\u00e4tzlich zur Beschreibung und einer \u00dcbersicht der Angebote werden weitere Fakten, wie z. B. zur Mitarbeiterzahl oder zum Jahresumsatz, in einer leicht \u00fcberschaubaren Ansicht dargestellt.<\/p>\n<p><img decoding=\"async\" class=\"lazyload alignnone size-full wp-image-7144\" src=\"https:\/\/www.deutschlanddigital.org\/wp-content\/uploads\/sites\/16\/2025\/08\/Bild-2.png\" data-orig-src=\"https:\/\/www.deutschlanddigital.org\/wp-content\/uploads\/sites\/16\/2025\/08\/Bild-2.png\" alt=\"\" width=\"1328\" height=\"640\" srcset=\"data:image\/svg+xml,%3Csvg%20xmlns%3D%27http%3A%2F%2Fwww.w3.org%2F2000%2Fsvg%27%20width%3D%271328%27%20height%3D%27640%27%20viewBox%3D%270%200%201328%20640%27%3E%3Crect%20width%3D%271328%27%20height%3D%27640%27%20fill-opacity%3D%220%22%2F%3E%3C%2Fsvg%3E\" data-srcset=\"https:\/\/www.deutschlanddigital.org\/wp-content\/uploads\/sites\/16\/2025\/08\/Bild-2-200x96.png 200w, https:\/\/www.deutschlanddigital.org\/wp-content\/uploads\/sites\/16\/2025\/08\/Bild-2-300x145.png 300w, https:\/\/www.deutschlanddigital.org\/wp-content\/uploads\/sites\/16\/2025\/08\/Bild-2-400x193.png 400w, https:\/\/www.deutschlanddigital.org\/wp-content\/uploads\/sites\/16\/2025\/08\/Bild-2-600x289.png 600w, https:\/\/www.deutschlanddigital.org\/wp-content\/uploads\/sites\/16\/2025\/08\/Bild-2-768x370.png 768w, https:\/\/www.deutschlanddigital.org\/wp-content\/uploads\/sites\/16\/2025\/08\/Bild-2-800x386.png 800w, https:\/\/www.deutschlanddigital.org\/wp-content\/uploads\/sites\/16\/2025\/08\/Bild-2-1024x493.png 1024w, https:\/\/www.deutschlanddigital.org\/wp-content\/uploads\/sites\/16\/2025\/08\/Bild-2-1200x578.png 1200w, https:\/\/www.deutschlanddigital.org\/wp-content\/uploads\/sites\/16\/2025\/08\/Bild-2.png 1328w\" data-sizes=\"auto\" data-orig-sizes=\"(max-width: 1328px) 100vw, 1328px\" \/><\/p>\n<p>Insbesondere die Einordnung der <strong>Unternehmensgr\u00f6\u00dfe<\/strong> kann f\u00fcr Projekte und F\u00f6rderungen von gro\u00dfer Wichtigkeit sein. Deshalb erfolgt anhand der<a href=\"https:\/\/www.destatis.de\/DE\/Themen\/Branchen-Unternehmen\/Unternehmen\/Kleine-Unternehmen-Mittlere-Unternehmen\/Glossar\/kmu.html\"> Definition des statistischen Bundesamts<\/a> eine automatisierte Einordnung in die Kategorien Kleinstunternehmen, Kleine Unternehmen, Mittlere Unternehmen und Gro\u00dfunternehmen.<\/p>\n<h5 class=\"fusion-responsive-typography-calculated\" style=\"--fontsize: 20;line-height: 1.4\" data-fontsize=\"20\" data-lineheight=\"28px\">Erweiterte automatisierte Bewertungen<\/h5>\n<p>Ein letztes Highlight ist die <strong>Erweiterung<\/strong> der <strong>automatisierten Bewertung<\/strong> um zus\u00e4tzliche Aspekte im Bereich von <strong>\u00bbZugang und Support\u00ab <\/strong>sowie der neuen Kategorien<strong> \u00bbSoftwarequalit\u00e4t\u00ab<\/strong>, <strong>\u00bbBetrieb\u00ab<\/strong> und <strong>\u00bbRechtliche und Sicherheitsaspekte\u00ab. <\/strong>Alle L\u00f6sungen, die einen Link zu ihrem jeweiligen Open-Source Projekt angeben, k\u00f6nnen automatisiert bewertet werden.<\/p>\n<p><img decoding=\"async\" class=\"lazyload alignnone size-full wp-image-7145\" src=\"https:\/\/www.deutschlanddigital.org\/wp-content\/uploads\/sites\/16\/2025\/08\/Bild-3.png\" data-orig-src=\"https:\/\/www.deutschlanddigital.org\/wp-content\/uploads\/sites\/16\/2025\/08\/Bild-3.png\" alt=\"KI Bewertung Marktplatz Release 2.0\" width=\"1328\" height=\"647\" srcset=\"data:image\/svg+xml,%3Csvg%20xmlns%3D%27http%3A%2F%2Fwww.w3.org%2F2000%2Fsvg%27%20width%3D%271328%27%20height%3D%27647%27%20viewBox%3D%270%200%201328%20647%27%3E%3Crect%20width%3D%271328%27%20height%3D%27647%27%20fill-opacity%3D%220%22%2F%3E%3C%2Fsvg%3E\" data-srcset=\"https:\/\/www.deutschlanddigital.org\/wp-content\/uploads\/sites\/16\/2025\/08\/Bild-3-200x97.png 200w, https:\/\/www.deutschlanddigital.org\/wp-content\/uploads\/sites\/16\/2025\/08\/Bild-3-300x146.png 300w, https:\/\/www.deutschlanddigital.org\/wp-content\/uploads\/sites\/16\/2025\/08\/Bild-3-400x195.png 400w, https:\/\/www.deutschlanddigital.org\/wp-content\/uploads\/sites\/16\/2025\/08\/Bild-3-600x292.png 600w, https:\/\/www.deutschlanddigital.org\/wp-content\/uploads\/sites\/16\/2025\/08\/Bild-3-768x374.png 768w, https:\/\/www.deutschlanddigital.org\/wp-content\/uploads\/sites\/16\/2025\/08\/Bild-3-800x390.png 800w, https:\/\/www.deutschlanddigital.org\/wp-content\/uploads\/sites\/16\/2025\/08\/Bild-3-1024x499.png 1024w, https:\/\/www.deutschlanddigital.org\/wp-content\/uploads\/sites\/16\/2025\/08\/Bild-3-1200x585.png 1200w, https:\/\/www.deutschlanddigital.org\/wp-content\/uploads\/sites\/16\/2025\/08\/Bild-3.png 1328w\" data-sizes=\"auto\" data-orig-sizes=\"(max-width: 1328px) 100vw, 1328px\" \/><\/p>\n<p>Im Bereich \u00bb<strong>Zugang und Support<\/strong>\u00ab wird das Verhalten und die Aktivit\u00e4ten der Entwicklercommunity mittels KI analysiert, um Aussagen \u00fcber den Umgang und die aktive Pflege treffen zu k\u00f6nnen. Zus\u00e4tzlich wird auf wichtige Dateien in Bezug auf Beitragsrichtlinien und Verhaltenskodexe gepr\u00fcft.<\/p>\n<p>In der Kategorie \u00bb<strong>Softwarequalit\u00e4t<\/strong>\u00ab wird die digitale L\u00f6sung auf ihre Testabdeckung hin \u00fcberpr\u00fcft, um so einen Indikator f\u00fcr eine m\u00f6glichst fehlerfreie Software zu erhalten. Der Bereich \u00bb<strong>Betrieb<\/strong>\u00ab untersucht derzeit die Nutzung von Containern der Software, um anzugeben, wie einfach der Betrieb der L\u00f6sung f\u00fcr die Kommune sein wird. Diese Kategorien werden in Zukunft noch weiter ausgebaut, um den Kommunen weitere hilfreiche Indikatoren \u00fcber die Software zu liefern.<\/p>\n<p>Der vierte Bereich \u00bb<strong>Rechtliche und Sicherheitsaspekte<\/strong>\u00ab basiert zum Teil auf Selbstausk\u00fcnften der Anbieter sowie automatisierten Untersuchungen hinsichtlich Lizenzkompatibilit\u00e4ten und dem Einhalten von Sicherheitsaspekten.<\/p>\n<p>F\u00fcr zuk\u00fcnftige Updates planen wir weitere Verbesserungen, insbesondere bei der Darstellung der automatisierten Bewertungen, um noch mehr Transparenz zu schaffen.<\/p>\n<p><span style=\"color: var(--awb-text-color);font-family: var(--awb-text-font-family);font-size: var(--awb-font-size);font-style: var(--awb-text-font-style);font-weight: var(--awb-text-font-weight);letter-spacing: var(--awb-letter-spacing);text-align: var(--awb-content-alignment);text-transform: var(--awb-text-transform);background-color: var(--awb-bg-color-hover)\">Wir hoffen, dass diese Neuerungen den Umgang mit dem <\/span><a style=\"font-family: var(--awb-text-font-family);font-size: var(--awb-font-size);font-style: var(--awb-text-font-style);font-weight: var(--awb-text-font-weight);letter-spacing: var(--awb-letter-spacing);text-align: var(--awb-content-alignment);text-transform: var(--awb-text-transform);background-color: var(--awb-bg-color-hover)\" href=\"https:\/\/marktplatz.deutschlanddigital.org\/\">DEUTSCHLAND.DIGITAL-Marktplatz<\/a><span style=\"color: var(--awb-text-color);font-family: var(--awb-text-font-family);font-size: var(--awb-font-size);font-style: var(--awb-text-font-style);font-weight: var(--awb-text-font-weight);letter-spacing: var(--awb-letter-spacing);text-align: var(--awb-content-alignment);text-transform: var(--awb-text-transform);background-color: var(--awb-bg-color-hover)\"> erleichtern und passende Angebote schnell und effizient gefunden werden k\u00f6nnen. Nichtsdestotrotz freuen wir uns immer \u00fcber weitere Anregungen und Feedback und w\u00fcnschen Ihnen viel Spa\u00df beim Erkunden der neuen Funktionen.<\/span><\/p>\n<\/div><\/div><\/div><\/div><\/div>\n","protected":false},"excerpt":{"rendered":"<p>Nach dem erfolgreichen Start unseres Marktplatzes arbeiten wir kontinuierlich daran, es den Nutzern leichter zu machen genau jene digitalen L\u00f6sungen und Dienstleistungen zu finden, die sie wirklich brauchen. Daher freuen wir uns, mit dem Update 2.0 viele neue Funktionen einzuf\u00fchren, die den Marktplatz noch nutzerfreundlicher und effektiver machen. Seit dem 14. August 2025 k\u00f6nnen neue Arten von Angeboten eingestellt werden und mittels neuer Filter leichter durchsucht werden.<\/p>\n","protected":false},"author":96,"featured_media":7146,"comment_status":"open","ping_status":"open","sticky":false,"template":"","format":"standard","meta":{"footnotes":""},"categories":[1],"tags":[],"class_list":["post-7142","post","type-post","status-publish","format-standard","has-post-thumbnail","hentry","category-uncategorized"],"yoast_head":"<!-- This site is optimized with the Yoast SEO plugin v27.5 - https:\/\/yoast.com\/product\/yoast-seo-wordpress\/ -->\n<title>Marktplatz Release 2.0 - DEUTSCHLAND.DIGITAL<\/title>\n<meta name=\"description\" content=\"Am 14. August 2025 kam der Marktplatz Release 2.0. Mit neuen Filtern und anderen Funktionen, die die Nutzung verbessern.\" \/>\n<meta name=\"robots\" content=\"index, follow, max-snippet:-1, max-image-preview:large, max-video-preview:-1\" \/>\n<link rel=\"canonical\" href=\"https:\/\/www.deutschlanddigital.org\/index.php\/2025\/08\/14\/marktplatz-release-2-0\/\" \/>\n<meta property=\"og:locale\" content=\"de_DE\" \/>\n<meta property=\"og:type\" content=\"article\" \/>\n<meta property=\"og:title\" content=\"Marktplatz Release 2.0 - DEUTSCHLAND.DIGITAL\" \/>\n<meta property=\"og:description\" content=\"Am 14. August 2025 kam der Marktplatz Release 2.0. Mit neuen Filtern und anderen Funktionen, die die Nutzung verbessern.\" \/>\n<meta property=\"og:url\" content=\"https:\/\/www.deutschlanddigital.org\/index.php\/2025\/08\/14\/marktplatz-release-2-0\/\" \/>\n<meta property=\"og:site_name\" content=\"DEUTSCHLAND.DIGITAL\" \/>\n<meta property=\"article:publisher\" content=\"https:\/\/www.facebook.com\/SLRegionen\" \/>\n<meta property=\"article:published_time\" content=\"2025-08-14T09:29:25+00:00\" \/>\n<meta property=\"article:modified_time\" content=\"2025-08-15T12:09:25+00:00\" \/>\n<meta property=\"og:image\" content=\"https:\/\/www.deutschlanddigital.org\/wp-content\/uploads\/sites\/16\/2025\/08\/Bild.png\" \/>\n\t<meta property=\"og:image:width\" content=\"1343\" \/>\n\t<meta property=\"og:image:height\" content=\"630\" \/>\n\t<meta property=\"og:image:type\" content=\"image\/png\" \/>\n<meta name=\"author\" content=\"Jil Nu\u00dfbaum\" \/>\n<meta name=\"twitter:card\" content=\"summary_large_image\" \/>\n<meta name=\"twitter:creator\" content=\"@SLRegionen\" \/>\n<meta name=\"twitter:site\" content=\"@SLRegionen\" \/>\n<meta name=\"twitter:label1\" content=\"Verfasst von\" \/>\n\t<meta name=\"twitter:data1\" content=\"Jil Nu\u00dfbaum\" \/>\n\t<meta name=\"twitter:label2\" content=\"Gesch\u00e4tzte Lesezeit\" \/>\n\t<meta name=\"twitter:data2\" content=\"5\u00a0Minuten\" \/>\n<script type=\"application\/ld+json\" class=\"yoast-schema-graph\">{\"@context\":\"https:\\\/\\\/schema.org\",\"@graph\":[{\"@type\":\"Article\",\"@id\":\"https:\\\/\\\/www.deutschlanddigital.org\\\/index.php\\\/2025\\\/08\\\/14\\\/marktplatz-release-2-0\\\/#article\",\"isPartOf\":{\"@id\":\"https:\\\/\\\/www.deutschlanddigital.org\\\/index.php\\\/2025\\\/08\\\/14\\\/marktplatz-release-2-0\\\/\"},\"author\":{\"name\":\"Jil Nu\u00dfbaum\",\"@id\":\"https:\\\/\\\/www.deutschlanddigital.org\\\/#\\\/schema\\\/person\\\/dd035191eb616cb6920a271b85854f2a\"},\"headline\":\"Marktplatz Release 2.0\",\"datePublished\":\"2025-08-14T09:29:25+00:00\",\"dateModified\":\"2025-08-15T12:09:25+00:00\",\"mainEntityOfPage\":{\"@id\":\"https:\\\/\\\/www.deutschlanddigital.org\\\/index.php\\\/2025\\\/08\\\/14\\\/marktplatz-release-2-0\\\/\"},\"wordCount\":875,\"commentCount\":0,\"publisher\":{\"@id\":\"https:\\\/\\\/www.deutschlanddigital.org\\\/#organization\"},\"image\":{\"@id\":\"https:\\\/\\\/www.deutschlanddigital.org\\\/index.php\\\/2025\\\/08\\\/14\\\/marktplatz-release-2-0\\\/#primaryimage\"},\"thumbnailUrl\":\"https:\\\/\\\/www.deutschlanddigital.org\\\/wp-content\\\/uploads\\\/sites\\\/16\\\/2025\\\/08\\\/Bild.png\",\"articleSection\":[\"Uncategorized\"],\"inLanguage\":\"de\",\"potentialAction\":[{\"@type\":\"CommentAction\",\"name\":\"Comment\",\"target\":[\"https:\\\/\\\/www.deutschlanddigital.org\\\/index.php\\\/2025\\\/08\\\/14\\\/marktplatz-release-2-0\\\/#respond\"]}]},{\"@type\":\"WebPage\",\"@id\":\"https:\\\/\\\/www.deutschlanddigital.org\\\/index.php\\\/2025\\\/08\\\/14\\\/marktplatz-release-2-0\\\/\",\"url\":\"https:\\\/\\\/www.deutschlanddigital.org\\\/index.php\\\/2025\\\/08\\\/14\\\/marktplatz-release-2-0\\\/\",\"name\":\"Marktplatz Release 2.0 - DEUTSCHLAND.DIGITAL\",\"isPartOf\":{\"@id\":\"https:\\\/\\\/www.deutschlanddigital.org\\\/#website\"},\"primaryImageOfPage\":{\"@id\":\"https:\\\/\\\/www.deutschlanddigital.org\\\/index.php\\\/2025\\\/08\\\/14\\\/marktplatz-release-2-0\\\/#primaryimage\"},\"image\":{\"@id\":\"https:\\\/\\\/www.deutschlanddigital.org\\\/index.php\\\/2025\\\/08\\\/14\\\/marktplatz-release-2-0\\\/#primaryimage\"},\"thumbnailUrl\":\"https:\\\/\\\/www.deutschlanddigital.org\\\/wp-content\\\/uploads\\\/sites\\\/16\\\/2025\\\/08\\\/Bild.png\",\"datePublished\":\"2025-08-14T09:29:25+00:00\",\"dateModified\":\"2025-08-15T12:09:25+00:00\",\"description\":\"Am 14. August 2025 kam der Marktplatz Release 2.0. Mit neuen Filtern und anderen Funktionen, die die Nutzung verbessern.\",\"breadcrumb\":{\"@id\":\"https:\\\/\\\/www.deutschlanddigital.org\\\/index.php\\\/2025\\\/08\\\/14\\\/marktplatz-release-2-0\\\/#breadcrumb\"},\"inLanguage\":\"de\",\"potentialAction\":[{\"@type\":\"ReadAction\",\"target\":[\"https:\\\/\\\/www.deutschlanddigital.org\\\/index.php\\\/2025\\\/08\\\/14\\\/marktplatz-release-2-0\\\/\"]}]},{\"@type\":\"ImageObject\",\"inLanguage\":\"de\",\"@id\":\"https:\\\/\\\/www.deutschlanddigital.org\\\/index.php\\\/2025\\\/08\\\/14\\\/marktplatz-release-2-0\\\/#primaryimage\",\"url\":\"https:\\\/\\\/www.deutschlanddigital.org\\\/wp-content\\\/uploads\\\/sites\\\/16\\\/2025\\\/08\\\/Bild.png\",\"contentUrl\":\"https:\\\/\\\/www.deutschlanddigital.org\\\/wp-content\\\/uploads\\\/sites\\\/16\\\/2025\\\/08\\\/Bild.png\",\"width\":1343,\"height\":630},{\"@type\":\"BreadcrumbList\",\"@id\":\"https:\\\/\\\/www.deutschlanddigital.org\\\/index.php\\\/2025\\\/08\\\/14\\\/marktplatz-release-2-0\\\/#breadcrumb\",\"itemListElement\":[{\"@type\":\"ListItem\",\"position\":1,\"name\":\"Home\",\"item\":\"https:\\\/\\\/www.deutschlanddigital.org\\\/\"},{\"@type\":\"ListItem\",\"position\":2,\"name\":\"Marktplatz Release 2.0\"}]},{\"@type\":\"WebSite\",\"@id\":\"https:\\\/\\\/www.deutschlanddigital.org\\\/#website\",\"url\":\"https:\\\/\\\/www.deutschlanddigital.org\\\/\",\"name\":\"DEUTSCHLAND.DIGITAL\",\"description\":\"Smarte L\u00f6sungen f\u00fcr smarte Kommunen\",\"publisher\":{\"@id\":\"https:\\\/\\\/www.deutschlanddigital.org\\\/#organization\"},\"alternateName\":\"digitaler Marktplatz f\u00fcr die Daseinsvorsorge\",\"potentialAction\":[{\"@type\":\"SearchAction\",\"target\":{\"@type\":\"EntryPoint\",\"urlTemplate\":\"https:\\\/\\\/www.deutschlanddigital.org\\\/?s={search_term_string}\"},\"query-input\":{\"@type\":\"PropertyValueSpecification\",\"valueRequired\":true,\"valueName\":\"search_term_string\"}}],\"inLanguage\":\"de\"},{\"@type\":\"Organization\",\"@id\":\"https:\\\/\\\/www.deutschlanddigital.org\\\/#organization\",\"name\":\"Fraunhofer IESE\",\"url\":\"https:\\\/\\\/www.deutschlanddigital.org\\\/\",\"logo\":{\"@type\":\"ImageObject\",\"inLanguage\":\"de\",\"@id\":\"https:\\\/\\\/www.deutschlanddigital.org\\\/#\\\/schema\\\/logo\\\/image\\\/\",\"url\":\"https:\\\/\\\/www.deutschlanddigital.org\\\/wp-content\\\/uploads\\\/sites\\\/16\\\/2024\\\/07\\\/Favicon.png\",\"contentUrl\":\"https:\\\/\\\/www.deutschlanddigital.org\\\/wp-content\\\/uploads\\\/sites\\\/16\\\/2024\\\/07\\\/Favicon.png\",\"width\":267,\"height\":267,\"caption\":\"Fraunhofer IESE\"},\"image\":{\"@id\":\"https:\\\/\\\/www.deutschlanddigital.org\\\/#\\\/schema\\\/logo\\\/image\\\/\"},\"sameAs\":[\"https:\\\/\\\/www.facebook.com\\\/SLRegionen\",\"https:\\\/\\\/x.com\\\/SLRegionen\",\"https:\\\/\\\/www.linkedin.com\\\/in\\\/smarte-land-regionen\\\/\"]},{\"@type\":\"Person\",\"@id\":\"https:\\\/\\\/www.deutschlanddigital.org\\\/#\\\/schema\\\/person\\\/dd035191eb616cb6920a271b85854f2a\",\"name\":\"Jil Nu\u00dfbaum\",\"image\":{\"@type\":\"ImageObject\",\"inLanguage\":\"de\",\"@id\":\"https:\\\/\\\/secure.gravatar.com\\\/avatar\\\/9984c554ef26952e6223e737283a824175e23f0db145298060f39eb6bde51712?s=96&d=mm&r=g\",\"url\":\"https:\\\/\\\/secure.gravatar.com\\\/avatar\\\/9984c554ef26952e6223e737283a824175e23f0db145298060f39eb6bde51712?s=96&d=mm&r=g\",\"contentUrl\":\"https:\\\/\\\/secure.gravatar.com\\\/avatar\\\/9984c554ef26952e6223e737283a824175e23f0db145298060f39eb6bde51712?s=96&d=mm&r=g\",\"caption\":\"Jil Nu\u00dfbaum\"}}]}<\/script>\n<!-- \/ Yoast SEO plugin. -->","yoast_head_json":{"title":"Marktplatz Release 2.0 - DEUTSCHLAND.DIGITAL","description":"Am 14. August 2025 kam der Marktplatz Release 2.0. Mit neuen Filtern und anderen Funktionen, die die Nutzung verbessern.","robots":{"index":"index","follow":"follow","max-snippet":"max-snippet:-1","max-image-preview":"max-image-preview:large","max-video-preview":"max-video-preview:-1"},"canonical":"https:\/\/www.deutschlanddigital.org\/index.php\/2025\/08\/14\/marktplatz-release-2-0\/","og_locale":"de_DE","og_type":"article","og_title":"Marktplatz Release 2.0 - DEUTSCHLAND.DIGITAL","og_description":"Am 14. August 2025 kam der Marktplatz Release 2.0. Mit neuen Filtern und anderen Funktionen, die die Nutzung verbessern.","og_url":"https:\/\/www.deutschlanddigital.org\/index.php\/2025\/08\/14\/marktplatz-release-2-0\/","og_site_name":"DEUTSCHLAND.DIGITAL","article_publisher":"https:\/\/www.facebook.com\/SLRegionen","article_published_time":"2025-08-14T09:29:25+00:00","article_modified_time":"2025-08-15T12:09:25+00:00","og_image":[{"width":1343,"height":630,"url":"https:\/\/www.deutschlanddigital.org\/wp-content\/uploads\/sites\/16\/2025\/08\/Bild.png","type":"image\/png"}],"author":"Jil Nu\u00dfbaum","twitter_card":"summary_large_image","twitter_creator":"@SLRegionen","twitter_site":"@SLRegionen","twitter_misc":{"Verfasst von":"Jil Nu\u00dfbaum","Gesch\u00e4tzte Lesezeit":"5\u00a0Minuten"},"schema":{"@context":"https:\/\/schema.org","@graph":[{"@type":"Article","@id":"https:\/\/www.deutschlanddigital.org\/index.php\/2025\/08\/14\/marktplatz-release-2-0\/#article","isPartOf":{"@id":"https:\/\/www.deutschlanddigital.org\/index.php\/2025\/08\/14\/marktplatz-release-2-0\/"},"author":{"name":"Jil Nu\u00dfbaum","@id":"https:\/\/www.deutschlanddigital.org\/#\/schema\/person\/dd035191eb616cb6920a271b85854f2a"},"headline":"Marktplatz Release 2.0","datePublished":"2025-08-14T09:29:25+00:00","dateModified":"2025-08-15T12:09:25+00:00","mainEntityOfPage":{"@id":"https:\/\/www.deutschlanddigital.org\/index.php\/2025\/08\/14\/marktplatz-release-2-0\/"},"wordCount":875,"commentCount":0,"publisher":{"@id":"https:\/\/www.deutschlanddigital.org\/#organization"},"image":{"@id":"https:\/\/www.deutschlanddigital.org\/index.php\/2025\/08\/14\/marktplatz-release-2-0\/#primaryimage"},"thumbnailUrl":"https:\/\/www.deutschlanddigital.org\/wp-content\/uploads\/sites\/16\/2025\/08\/Bild.png","articleSection":["Uncategorized"],"inLanguage":"de","potentialAction":[{"@type":"CommentAction","name":"Comment","target":["https:\/\/www.deutschlanddigital.org\/index.php\/2025\/08\/14\/marktplatz-release-2-0\/#respond"]}]},{"@type":"WebPage","@id":"https:\/\/www.deutschlanddigital.org\/index.php\/2025\/08\/14\/marktplatz-release-2-0\/","url":"https:\/\/www.deutschlanddigital.org\/index.php\/2025\/08\/14\/marktplatz-release-2-0\/","name":"Marktplatz Release 2.0 - DEUTSCHLAND.DIGITAL","isPartOf":{"@id":"https:\/\/www.deutschlanddigital.org\/#website"},"primaryImageOfPage":{"@id":"https:\/\/www.deutschlanddigital.org\/index.php\/2025\/08\/14\/marktplatz-release-2-0\/#primaryimage"},"image":{"@id":"https:\/\/www.deutschlanddigital.org\/index.php\/2025\/08\/14\/marktplatz-release-2-0\/#primaryimage"},"thumbnailUrl":"https:\/\/www.deutschlanddigital.org\/wp-content\/uploads\/sites\/16\/2025\/08\/Bild.png","datePublished":"2025-08-14T09:29:25+00:00","dateModified":"2025-08-15T12:09:25+00:00","description":"Am 14. August 2025 kam der Marktplatz Release 2.0. Mit neuen Filtern und anderen Funktionen, die die Nutzung verbessern.","breadcrumb":{"@id":"https:\/\/www.deutschlanddigital.org\/index.php\/2025\/08\/14\/marktplatz-release-2-0\/#breadcrumb"},"inLanguage":"de","potentialAction":[{"@type":"ReadAction","target":["https:\/\/www.deutschlanddigital.org\/index.php\/2025\/08\/14\/marktplatz-release-2-0\/"]}]},{"@type":"ImageObject","inLanguage":"de","@id":"https:\/\/www.deutschlanddigital.org\/index.php\/2025\/08\/14\/marktplatz-release-2-0\/#primaryimage","url":"https:\/\/www.deutschlanddigital.org\/wp-content\/uploads\/sites\/16\/2025\/08\/Bild.png","contentUrl":"https:\/\/www.deutschlanddigital.org\/wp-content\/uploads\/sites\/16\/2025\/08\/Bild.png","width":1343,"height":630},{"@type":"BreadcrumbList","@id":"https:\/\/www.deutschlanddigital.org\/index.php\/2025\/08\/14\/marktplatz-release-2-0\/#breadcrumb","itemListElement":[{"@type":"ListItem","position":1,"name":"Home","item":"https:\/\/www.deutschlanddigital.org\/"},{"@type":"ListItem","position":2,"name":"Marktplatz Release 2.0"}]},{"@type":"WebSite","@id":"https:\/\/www.deutschlanddigital.org\/#website","url":"https:\/\/www.deutschlanddigital.org\/","name":"DEUTSCHLAND.DIGITAL","description":"Smarte L\u00f6sungen f\u00fcr smarte Kommunen","publisher":{"@id":"https:\/\/www.deutschlanddigital.org\/#organization"},"alternateName":"digitaler Marktplatz f\u00fcr die Daseinsvorsorge","potentialAction":[{"@type":"SearchAction","target":{"@type":"EntryPoint","urlTemplate":"https:\/\/www.deutschlanddigital.org\/?s={search_term_string}"},"query-input":{"@type":"PropertyValueSpecification","valueRequired":true,"valueName":"search_term_string"}}],"inLanguage":"de"},{"@type":"Organization","@id":"https:\/\/www.deutschlanddigital.org\/#organization","name":"Fraunhofer IESE","url":"https:\/\/www.deutschlanddigital.org\/","logo":{"@type":"ImageObject","inLanguage":"de","@id":"https:\/\/www.deutschlanddigital.org\/#\/schema\/logo\/image\/","url":"https:\/\/www.deutschlanddigital.org\/wp-content\/uploads\/sites\/16\/2024\/07\/Favicon.png","contentUrl":"https:\/\/www.deutschlanddigital.org\/wp-content\/uploads\/sites\/16\/2024\/07\/Favicon.png","width":267,"height":267,"caption":"Fraunhofer IESE"},"image":{"@id":"https:\/\/www.deutschlanddigital.org\/#\/schema\/logo\/image\/"},"sameAs":["https:\/\/www.facebook.com\/SLRegionen","https:\/\/x.com\/SLRegionen","https:\/\/www.linkedin.com\/in\/smarte-land-regionen\/"]},{"@type":"Person","@id":"https:\/\/www.deutschlanddigital.org\/#\/schema\/person\/dd035191eb616cb6920a271b85854f2a","name":"Jil Nu\u00dfbaum","image":{"@type":"ImageObject","inLanguage":"de","@id":"https:\/\/secure.gravatar.com\/avatar\/9984c554ef26952e6223e737283a824175e23f0db145298060f39eb6bde51712?s=96&d=mm&r=g","url":"https:\/\/secure.gravatar.com\/avatar\/9984c554ef26952e6223e737283a824175e23f0db145298060f39eb6bde51712?s=96&d=mm&r=g","contentUrl":"https:\/\/secure.gravatar.com\/avatar\/9984c554ef26952e6223e737283a824175e23f0db145298060f39eb6bde51712?s=96&d=mm&r=g","caption":"Jil Nu\u00dfbaum"}}]}},"_links":{"self":[{"href":"https:\/\/www.deutschlanddigital.org\/index.php\/wp-json\/wp\/v2\/posts\/7142","targetHints":{"allow":["GET"]}}],"collection":[{"href":"https:\/\/www.deutschlanddigital.org\/index.php\/wp-json\/wp\/v2\/posts"}],"about":[{"href":"https:\/\/www.deutschlanddigital.org\/index.php\/wp-json\/wp\/v2\/types\/post"}],"author":[{"embeddable":true,"href":"https:\/\/www.deutschlanddigital.org\/index.php\/wp-json\/wp\/v2\/users\/96"}],"replies":[{"embeddable":true,"href":"https:\/\/www.deutschlanddigital.org\/index.php\/wp-json\/wp\/v2\/comments?post=7142"}],"version-history":[{"count":10,"href":"https:\/\/www.deutschlanddigital.org\/index.php\/wp-json\/wp\/v2\/posts\/7142\/revisions"}],"predecessor-version":[{"id":7161,"href":"https:\/\/www.deutschlanddigital.org\/index.php\/wp-json\/wp\/v2\/posts\/7142\/revisions\/7161"}],"wp:featuredmedia":[{"embeddable":true,"href":"https:\/\/www.deutschlanddigital.org\/index.php\/wp-json\/wp\/v2\/media\/7146"}],"wp:attachment":[{"href":"https:\/\/www.deutschlanddigital.org\/index.php\/wp-json\/wp\/v2\/media?parent=7142"}],"wp:term":[{"taxonomy":"category","embeddable":true,"href":"https:\/\/www.deutschlanddigital.org\/index.php\/wp-json\/wp\/v2\/categories?post=7142"},{"taxonomy":"post_tag","embeddable":true,"href":"https:\/\/www.deutschlanddigital.org\/index.php\/wp-json\/wp\/v2\/tags?post=7142"}],"curies":[{"name":"wp","href":"https:\/\/api.w.org\/{rel}","templated":true}]}}